{"id":303,"date":"2020-12-01T11:40:00","date_gmt":"2020-12-01T11:40:00","guid":{"rendered":"https:\/\/verein-volkeningheim.de\/?p=303"},"modified":"2021-04-22T11:46:14","modified_gmt":"2021-04-22T11:46:14","slug":"gib-mir-raum-kirche-und-hochschule-ein-spannungsvolles-verhaeltnis","status":"publish","type":"post","link":"https:\/\/verein-volkeningheim.de\/?p=303","title":{"rendered":"&#8222;Gib mir Raum&#8220; &#8211; Kirche und Hochschule: Ein spannungsvolles Verh\u00e4ltnis"},"content":{"rendered":"\n<p>Was hat Kirche eigentlich auf dem Campus zu suchen? Wie sollen Hochschulen mit Religionen umgehen? Braucht die Kirche den \u00f6ffentlichen Raum im Hochschulumfeld \u00fcberhaupt? Prominente G\u00e4ste und rund 75 Teilnehmer aus ganz Deutschland besch\u00e4ftigten sich am Montagabend mit Fragen wie diesen auf der Podiumsdiskussion \u201eGib mir Raum \u2013 Kirchliche Orte im Hochschulalltag\u201c.<\/p>\n\n\n\n<p>Die Evangelische Studierendengemeinde M\u00fcnster und der Verein der Freundinnen und Freunde des \u00d6kumenischen Volkeningheims e.V. hatten zu der digitalen Veranstaltung eingeladen. Auf dem virtuellen Podium debattierten Ulf Schl\u00fcter, Theologischer Vizepr\u00e4sident der Evangelischen Kirche von Westfalen, Corinna Hirschberg als Bundesstudierendenpfarrer und Prof. Dr. Traugott Roser, Professor f\u00fcr Praktische Theologie an der WWU. Die Teilnehmer konnten ihre Fragen \u00fcber Textnachrichten stellen. Zwischendurch wurden Videos mit Statements von Bewohnern des \u00d6kumenischen Volkeningheims und Studierenden der evangelischen Theologie eingeblendet. Diese berichteten, wie sie den Zugang von Kirche zur Hochschule erleben.<\/p>\n\n\n\n<p>\u201eIch habe mich besonders \u00fcber die klugen, teilweise auch kritischen Nachfragen an unsere Kirchenleitung gefreut\u201c, sagt Annika Klappert, Pfarrerin der Evangelischen Studierendengemeinde M\u00fcnster und Moderatorin des Abends. \u201eAlle drei Diskutanten hatten jeweils eine unterschiedliche Perspektive und erkennbar reges Interesse an dem Thema.\u201c<\/p>\n\n\n\n<p>Das Thema des Abends wurde sowohl auf lokaler als auch auf bundesweiter Ebene beleuchtet. Dr. Birgit Sendler-Koschel, Oberkirchenr\u00e4tin der Evangelischen Kirche in Deutschland, stellte zu Beginn der Veranstaltung das offizielle Papier \u201eReligion und Glauben geh\u00f6ren mitten auf den Campus\u201c erstmalig vor. Die Leiterin der Bildungsabteilung der EKD betonte, wie wichtig es sei, dass Menschen verschiedener Religionen an Hochschulen konstruktiv miteinander ins Gespr\u00e4ch kommen und auf diese Weise Vielfalt gef\u00f6rdert werde.<\/p>\n\n\n\n<p>Im Laufe des Abends wurde jedoch deutlich: Das Verh\u00e4ltnis zwischen Kirche und Universit\u00e4t ist spannungsvoll. Die Kirche steht angesichts sinkender Mitgliederzahlen unter Druck, auch Studierende st\u00e4rker zu erreichen als bisher. Andererseits wird ihre Pr\u00e4senz auf dem Campus zunehmend infrage gestellt. \u201eIch habe von dem Abend mitgenommen: Die Kirche hat ein Recht dazu, auch an der Hochschule vertreten zu sein, weil es ein \u00f6ffentlicher Raum ist. Sie wehrt sich dagegen, in den privaten Raum zur\u00fcckgedr\u00e4ngt zu werden.\u201c, so Johanna Baumann, Theologiestudentin in M\u00fcnster.<\/p>\n\n\n\n<p>Corinna Hirschberg berichtete, dass das Klima f\u00fcr religi\u00f6se Gruppen und Anliegen an der Hochschule in den letzten Jahren deutschlandweit rauer geworden ist. Das zeige sich zum Beispiel, so Hirschberg, wenn religi\u00f6se Hochschulgruppen vom AStA nicht mehr offiziell anerkannt werden. Auch R\u00e4ume des Gebets werden zunehmend eingespart \u2013 so scheint auch in M\u00fcnster ein Raum der Stille am neu entstehenden Campus der Theologien im H\u00fcfferstift zu scheitern.<\/p>\n\n\n\n<p>Grunds\u00e4tzlich sei das Verh\u00e4ltnis zwischen Hochschule und Kirche in M\u00fcnster aber vorbildhaft, betonten die Geladenen. Besonders in der Evangelischen Studierendengemeinde und dem \u00d6kumenischen Volkeningheim w\u00fcrden junge Erwachsene mit Gemeinschaft, Seelsorge und interkultureller Integration unterst\u00fctzt. Auch die Podiumsdiskussion wurde haupts\u00e4chlich von aktuellen und ehemaligen Bewohnern des Volkeningheims vorbereitet. Annika Klappert zieht daher das Fazit: \u201eDiese Veranstaltung war ein super Beispiel daf\u00fcr, was passiert, wenn man Studierenden Raum gibt.\u201c<\/p>\n\n\n\n<p>Luise Heitkamp<\/p>\n","protected":false},"excerpt":{"rendered":"<p>Was hat Kirche eigentlich auf dem Campus zu suchen? Wie sollen Hochschulen mit Religionen umgehen? Braucht die Kirche den \u00f6ffentlichen Raum im Hochschulumfeld \u00fcberhaupt? Prominente G\u00e4ste und rund 75 Teilnehmer aus ganz Deutschland besch\u00e4ftigten sich am Montagabend mit Fragen wie diesen auf der Podiumsdiskussion \u201eGib mir Raum \u2013 Kirchliche Orte im Hochschulalltag\u201c. Die Evangelische Studierendengemeinde M\u00fcnster und der Verein der Freundinnen und Freunde des \u00d6kumenischen Volkeningheims e.V. hatten zu der digitalen Veranstaltung eingeladen. Auf dem virtuellen Podium debattierten Ulf Schl\u00fcter,&#8230;<\/p>\n<p class=\"read-more\"><a class=\"btn btn-default\" href=\"https:\/\/verein-volkeningheim.de\/?p=303\">Weiterlesen<span class=\"screen-reader-text\"> Weiterlesen<\/span><\/a><\/p>\n","protected":false},"author":4,"featured_media":0,"comment_status":"closed","ping_status":"closed","sticky":false,"template":"","format":"standard","meta":{"footnotes":""},"categories":[1],"tags":[13,12,14,7],"class_list":["post-303","post","type-post","status-publish","format-standard","hentry","category-uncategorized","tag-kirche-und-hochschule","tag-podiumsdiskussion","tag-veranstaltung","tag-volkeningheim"],"_links":{"self":[{"href":"https:\/\/verein-volkeningheim.de\/index.php?rest_route=\/wp\/v2\/posts\/303","targetHints":{"allow":["GET"]}}],"collection":[{"href":"https:\/\/verein-volkeningheim.de\/index.php?rest_route=\/wp\/v2\/posts"}],"about":[{"href":"https:\/\/verein-volkeningheim.de\/index.php?rest_route=\/wp\/v2\/types\/post"}],"author":[{"embeddable":true,"href":"https:\/\/verein-volkeningheim.de\/index.php?rest_route=\/wp\/v2\/users\/4"}],"replies":[{"embeddable":true,"href":"https:\/\/verein-volkeningheim.de\/index.php?rest_route=%2Fwp%2Fv2%2Fcomments&post=303"}],"version-history":[{"count":1,"href":"https:\/\/verein-volkeningheim.de\/index.php?rest_route=\/wp\/v2\/posts\/303\/revisions"}],"predecessor-version":[{"id":304,"href":"https:\/\/verein-volkeningheim.de\/index.php?rest_route=\/wp\/v2\/posts\/303\/revisions\/304"}],"wp:attachment":[{"href":"https:\/\/verein-volkeningheim.de\/index.php?rest_route=%2Fwp%2Fv2%2Fmedia&parent=303"}],"wp:term":[{"taxonomy":"category","embeddable":true,"href":"https:\/\/verein-volkeningheim.de\/index.php?rest_route=%2Fwp%2Fv2%2Fcategories&post=303"},{"taxonomy":"post_tag","embeddable":true,"href":"https:\/\/verein-volkeningheim.de\/index.php?rest_route=%2Fwp%2Fv2%2Ftags&post=303"}],"curies":[{"name":"wp","href":"https:\/\/api.w.org\/{rel}","templated":true}]}}