{"id":269,"date":"2020-10-15T15:27:48","date_gmt":"2020-10-15T15:27:48","guid":{"rendered":"http:\/\/verein-volkeningheim.de\/?p=269"},"modified":"2020-11-23T07:38:54","modified_gmt":"2020-11-23T07:38:54","slug":"gib-mir-raum-digitale-podiumsdiskussion","status":"publish","type":"post","link":"https:\/\/verein-volkeningheim.de\/?p=269","title":{"rendered":"&#8222;Gib mir Raum&#8220; &#8211; Digitale Podiumsdiskussion am 23.11.2020"},"content":{"rendered":"\n<p><strong>Datum: 23.11.2020<\/strong><br><strong>Uhrzeit: 19:30 Uhr<\/strong><br><em><a href=\"https:\/\/wwu.zoom.us\/j\/98288820562\">Zoom-Link zur Veranstaltung<\/a><\/em><br><strong>Meeting-ID:<\/strong> 982 8882 0562<br>Ein Passwort wird nicht ben\u00f6tigt.<\/p>\n\n\n\n<p><strong>G\u00e4ste:<\/strong><br>Ulf Schl\u00fcter (Theologischer Vizepr\u00e4sident der EKvW)<br>Prof. Dr. Regina Jucks (Prorektorin der WWU)<br>Corinna Hirschberg (Bundesstudierendenpfarrerin, EKD)<br><br>Dr. Birgit Sendler-Koschel (OKR, Leiterin der Bildungsabteilung der EKD)<\/p>\n\n\n\n<p><strong>Moderation:<\/strong><br>Annika Klappert (Studierendenpfarrerin, ESG M\u00fcnster)<br>Sebastian Kunzmann (Vorsitzender des Vereins der Freundinnen &amp; Freunde des \u00d6kum. Volkeningheims e.V.)<br><\/p>\n\n\n\n<div class=\"wp-block-media-text alignwide is-stacked-on-mobile\"><figure class=\"wp-block-media-text__media\"><img loading=\"lazy\" decoding=\"async\" width=\"724\" height=\"1024\" src=\"https:\/\/verein-volkeningheim.de\/wp-content\/uploads\/2020\/10\/Gib_mir_Raum_Logo-724x1024.jpg\" alt=\"\" class=\"wp-image-272\" srcset=\"https:\/\/verein-volkeningheim.de\/wp-content\/uploads\/2020\/10\/Gib_mir_Raum_Logo-724x1024.jpg 724w, https:\/\/verein-volkeningheim.de\/wp-content\/uploads\/2020\/10\/Gib_mir_Raum_Logo-212x300.jpg 212w, https:\/\/verein-volkeningheim.de\/wp-content\/uploads\/2020\/10\/Gib_mir_Raum_Logo-768x1086.jpg 768w, https:\/\/verein-volkeningheim.de\/wp-content\/uploads\/2020\/10\/Gib_mir_Raum_Logo-1087x1536.jpg 1087w, https:\/\/verein-volkeningheim.de\/wp-content\/uploads\/2020\/10\/Gib_mir_Raum_Logo-191x270.jpg 191w, https:\/\/verein-volkeningheim.de\/wp-content\/uploads\/2020\/10\/Gib_mir_Raum_Logo.jpg 1240w\" sizes=\"auto, (max-width: 724px) 100vw, 724px\" \/><\/figure><div class=\"wp-block-media-text__content\">\n<figure class=\"wp-block-pullquote\"><blockquote><p>Welche Rolle soll Religion im Hochschulalltag spielen?<\/p><\/blockquote><\/figure>\n<\/div><\/div>\n\n\n\n<p class=\"has-text-align-left\">In Zeiten des Umbruchs stellen sich die ESG M\u00fcnster und das \u00d6kumenische Volkeningheim die Frage, inwiefern Kirche \u00f6ffentlichen Raum braucht und diskutieren das Spannungsfeld zwischen der Neutralit\u00e4tspflicht der Hochschulen einerseits und dem Anspruch der Kirchen, religi\u00f6se Praxis auch im Universit\u00e4tsalltag zu erm\u00f6glichen andererseits. Die Teilnehmenden k\u00f6nnen durch den geleiteten Austausch zwischen hochkar\u00e4tigen Vertreterinnen und Vertretern von Kirche und Universit\u00e4t ihren eigenen Standpunkt zum Thema finden und bekommen die M\u00f6glichkeit, Fragen an die Diskutantinnen und Diskutanten zu stellen. Frau Dr. Birgit Sendler-Koschel wird au\u00dferdem das neue Papier &#8222;Religion und Glauben geh\u00f6ren mitten auf den Campus&#8220; der EKD erstmalig vorstellen. Um den Blick auf andere Kulturkreise und deren Umgang mit der Frage nach einer \u00d6ffentlichkeit von Kirche und Glaubenspraxis zu weiten, werden auch unterschiedliche ausl\u00e4ndische Studierende sowie die Fachschaft Evangelische Theologie ihre Erfahrungen einbringen.<\/p>\n","protected":false},"excerpt":{"rendered":"<p>Datum: 23.11.2020Uhrzeit: 19:30 UhrZoom-Link zur VeranstaltungMeeting-ID: 982 8882 0562Ein Passwort wird nicht ben\u00f6tigt. G\u00e4ste:Ulf Schl\u00fcter (Theologischer Vizepr\u00e4sident der EKvW)Prof. Dr. Regina Jucks (Prorektorin der WWU)Corinna Hirschberg (Bundesstudierendenpfarrerin, EKD) Dr. Birgit Sendler-Koschel (OKR, Leiterin der Bildungsabteilung der EKD) Moderation:Annika Klappert (Studierendenpfarrerin, ESG M\u00fcnster)Sebastian Kunzmann (Vorsitzender des Vereins der Freundinnen &amp; Freunde des \u00d6kum. Volkeningheims e.V.) Welche Rolle soll Religion im Hochschulalltag spielen? In Zeiten des Umbruchs stellen sich die ESG M\u00fcnster und das \u00d6kumenische Volkeningheim die Frage, inwiefern Kirche \u00f6ffentlichen Raum&#8230;<\/p>\n<p class=\"read-more\"><a class=\"btn btn-default\" href=\"https:\/\/verein-volkeningheim.de\/?p=269\">Weiterlesen<span class=\"screen-reader-text\"> Weiterlesen<\/span><\/a><\/p>\n","protected":false},"author":4,"featured_media":0,"comment_status":"closed","ping_status":"closed","sticky":false,"template":"","format":"standard","meta":{"footnotes":""},"categories":[1],"tags":[],"class_list":["post-269","post","type-post","status-publish","format-standard","hentry","category-uncategorized"],"_links":{"self":[{"href":"https:\/\/verein-volkeningheim.de\/index.php?rest_route=\/wp\/v2\/posts\/269","targetHints":{"allow":["GET"]}}],"collection":[{"href":"https:\/\/verein-volkeningheim.de\/index.php?rest_route=\/wp\/v2\/posts"}],"about":[{"href":"https:\/\/verein-volkeningheim.de\/index.php?rest_route=\/wp\/v2\/types\/post"}],"author":[{"embeddable":true,"href":"https:\/\/verein-volkeningheim.de\/index.php?rest_route=\/wp\/v2\/users\/4"}],"replies":[{"embeddable":true,"href":"https:\/\/verein-volkeningheim.de\/index.php?rest_route=%2Fwp%2Fv2%2Fcomments&post=269"}],"version-history":[{"count":16,"href":"https:\/\/verein-volkeningheim.de\/index.php?rest_route=\/wp\/v2\/posts\/269\/revisions"}],"predecessor-version":[{"id":289,"href":"https:\/\/verein-volkeningheim.de\/index.php?rest_route=\/wp\/v2\/posts\/269\/revisions\/289"}],"wp:attachment":[{"href":"https:\/\/verein-volkeningheim.de\/index.php?rest_route=%2Fwp%2Fv2%2Fmedia&parent=269"}],"wp:term":[{"taxonomy":"category","embeddable":true,"href":"https:\/\/verein-volkeningheim.de\/index.php?rest_route=%2Fwp%2Fv2%2Fcategories&post=269"},{"taxonomy":"post_tag","embeddable":true,"href":"https:\/\/verein-volkeningheim.de\/index.php?rest_route=%2Fwp%2Fv2%2Ftags&post=269"}],"curies":[{"name":"wp","href":"https:\/\/api.w.org\/{rel}","templated":true}]}}