{"id":195,"date":"2019-06-13T15:49:57","date_gmt":"2019-06-13T15:49:57","guid":{"rendered":"http:\/\/verein-volkeningheim.de\/?p=195"},"modified":"2019-06-13T15:54:07","modified_gmt":"2019-06-13T15:54:07","slug":"eine-feier-von-volkenings-fuer-volkenings-planungen-fuer-ehemaligenfest-sind-in-vollem-gange","status":"publish","type":"post","link":"https:\/\/verein-volkeningheim.de\/?p=195","title":{"rendered":"Eine Feier von Volkenings f\u00fcr Volkenings: Planungen f\u00fcr Ehemaligenfest sind in vollem Gange"},"content":{"rendered":"\n<p>In einem Monat ist es soweit: Am 13. Juli ab 14 Uhr findet im Volkeningheim ein Fest f\u00fcr ehemalige und aktuelle Bewohnerinnen und Bewohner statt. Ein Team, das aus neun ehemaligen und aktuellen Bewohnerinnen und Bewohnern besteht, hat das Fest in den letzten Monaten vorbereitet: \u201eEs soll eine Feier von Volkenings f\u00fcr Volkenings sein. Uns allen im Team ist das Fest sehr wichtig, weil es eine tolle M\u00f6glichkeit ist, andere Generationen von Volkenings kennenzulernen. Au\u00dferdem kann man Freundinnen und Freunde, die noch nicht so lange ausgezogen sind, wiedertreffen\u201c, so Mira von der Linde, Mitglied des Planungsteams.<\/p>\n\n\n\n<p>Am Vormittag des 13. Juli findet zun\u00e4chst die j\u00e4hrliche Mitgliederversammlung des Vereins der Freundinnen und Freunde des \u00d6kumenischen Volkeningheims e.V. statt. Alle Menschen, die sich f\u00fcr die Arbeit des Vereins interessieren und gerne dabei sein m\u00f6chten, k\u00f6nnen bis neun Uhr morgens noch ihre Antr\u00e4ge abgeben und als Mitglied aufgenommen werden. Dann gibt es f\u00fcr alle Vereinsmitglieder ein Mittagessen: Sharam, der Koch der Weltb\u00fchne, wird seine ber\u00fchmte persische Reispfanne herstellen.&nbsp;<\/p>\n\n\n\n<p>Nach einem Stadtspaziergang zum M\u00fcnster-Modell, an dem auch alle Ehemaligen gern teilnehmen k\u00f6nnen, beginnt das Ehemaligenfest mit einer Begr\u00fc\u00dfung mit geistlichem Impuls durch die ESG-Pfarrerin Annika Klappert. Dann gibt es neben Kennenlernspielen und Flurf\u00fchrungen viel Raum f\u00fcr Austausch und Wiedertreffen bei Kaffee und Kuchen. Sp\u00e4ter grillen alle gemeinsam. Das Grillgut dazu wird vom Volkeningheim gestellt, um Salatspenden wird gebeten.<\/p>\n\n\n\n<p>Es ist nicht das erste Ehemaligenfest: Das letzte Mal hatten sich 2016 \u00fcber f\u00fcnfzig ehemalige Bewohnerinnen und Bewohner im Wohnheim getroffen und sich an ihre Studienzeit erinnert. \u201eDamals hat mich vor allen Dingen die Offenheit der \u00e4lteren Volkenings beeindruckt\u201c, sagt Mira von der Linde. \u201eViele sind bis heute durch tiefe Freundschaften verbunden, manche haben hier sogar ihre Ehepartner kennengelernt.\u201c&nbsp;<\/p>\n\n\n\n<p>So wurde die Geschichte des Hauses lebendig: Aktuelle Bewohnerinnen und Bewohner h\u00f6rten, wie Volkenings fr\u00fcher in Zweierzimmern wohnten, ihre Betten mit Erbsendosen vergr\u00f6\u00dferten und mit einem einzigen Telefon pro Flur auskommen mussten.<\/p>\n\n\n\n<p>Warum sollten Sie, solltest Du also am Ehemaligenfest teilnehmen? \u201eDie Zukunft des Hauses ist jetzt ungewiss. Wir wissen nicht, wie lange wir so ein Fest hier noch feiern werden k\u00f6nnen. Au\u00dferdem ist es doch das gr\u00f6\u00dfte Geschenk, miteinander Zeit zu verbringen \u2013 und unter dem Aspekt sind die drei Jahre seit dem letzten Fest gar nicht so kurz\u201c, sagt Mira von der Linde.<\/p>\n\n\n\n<p>Die Planungsgruppe ist offen f\u00fcr Vorschl\u00e4ge, Anregungen und Hilfe! Anmeldungen f\u00fcr das Fest bitte an vereinvolkeningheim[at]gmail.com.<\/p>\n","protected":false},"excerpt":{"rendered":"<p>In einem Monat ist es soweit: Am 13. Juli ab 14 Uhr findet im Volkeningheim ein Fest f\u00fcr ehemalige und aktuelle Bewohnerinnen und Bewohner statt. Ein Team, das aus neun ehemaligen und aktuellen Bewohnerinnen und Bewohnern besteht, hat das Fest in den letzten Monaten vorbereitet: \u201eEs soll eine Feier von Volkenings f\u00fcr Volkenings sein. Uns allen im Team ist das Fest sehr wichtig, weil es eine tolle M\u00f6glichkeit ist, andere Generationen von Volkenings kennenzulernen. Au\u00dferdem kann man Freundinnen und Freunde,&#8230;<\/p>\n<p class=\"read-more\"><a class=\"btn btn-default\" href=\"https:\/\/verein-volkeningheim.de\/?p=195\">Weiterlesen<span class=\"screen-reader-text\"> Weiterlesen<\/span><\/a><\/p>\n","protected":false},"author":4,"featured_media":0,"comment_status":"closed","ping_status":"closed","sticky":false,"template":"","format":"standard","meta":{"footnotes":""},"categories":[1],"tags":[10,8,9,7,11],"class_list":["post-195","post","type-post","status-publish","format-standard","hentry","category-uncategorized","tag-ehemaligenfest","tag-ehemaligenverein","tag-muenster","tag-volkeningheim","tag-volkenings"],"_links":{"self":[{"href":"https:\/\/verein-volkeningheim.de\/index.php?rest_route=\/wp\/v2\/posts\/195","targetHints":{"allow":["GET"]}}],"collection":[{"href":"https:\/\/verein-volkeningheim.de\/index.php?rest_route=\/wp\/v2\/posts"}],"about":[{"href":"https:\/\/verein-volkeningheim.de\/index.php?rest_route=\/wp\/v2\/types\/post"}],"author":[{"embeddable":true,"href":"https:\/\/verein-volkeningheim.de\/index.php?rest_route=\/wp\/v2\/users\/4"}],"replies":[{"embeddable":true,"href":"https:\/\/verein-volkeningheim.de\/index.php?rest_route=%2Fwp%2Fv2%2Fcomments&post=195"}],"version-history":[{"count":1,"href":"https:\/\/verein-volkeningheim.de\/index.php?rest_route=\/wp\/v2\/posts\/195\/revisions"}],"predecessor-version":[{"id":196,"href":"https:\/\/verein-volkeningheim.de\/index.php?rest_route=\/wp\/v2\/posts\/195\/revisions\/196"}],"wp:attachment":[{"href":"https:\/\/verein-volkeningheim.de\/index.php?rest_route=%2Fwp%2Fv2%2Fmedia&parent=195"}],"wp:term":[{"taxonomy":"category","embeddable":true,"href":"https:\/\/verein-volkeningheim.de\/index.php?rest_route=%2Fwp%2Fv2%2Fcategories&post=195"},{"taxonomy":"post_tag","embeddable":true,"href":"https:\/\/verein-volkeningheim.de\/index.php?rest_route=%2Fwp%2Fv2%2Ftags&post=195"}],"curies":[{"name":"wp","href":"https:\/\/api.w.org\/{rel}","templated":true}]}}